{"id":408,"date":"2025-11-21T18:58:29","date_gmt":"2025-11-21T18:58:29","guid":{"rendered":"https:\/\/www.agriturismokm0.sviluppo.host\/?p=408"},"modified":"2025-11-26T18:09:02","modified_gmt":"2025-11-26T18:09:02","slug":"mucche-tornano-stalla","status":"publish","type":"post","link":"https:\/\/www.agriturismokm0.sviluppo.host\/de\/2025\/11\/21\/mucche-tornano-stalla\/","title":{"rendered":"Desmontegada: le mucche tornano in stalla!"},"content":{"rendered":"<p>Quando l&#8217;aria di settembre si fa frizzante e i larici iniziano a tingersi d&#8217;oro, sulle montagne cala il sipario dell&#8217;estate. \u00c8 il tempo del ritorno, il momento in cui le malghe si chiudono e inizia il rito antico e solenne della <strong>Desmontegada<\/strong>.<\/p>\n\n\n\n<p>Non \u00e8 una semplice discesa a valle, ma una vera e propria celebrazione. Le mucche, regine indiscusse dei pascoli estivi, vengono preparate con cura dai malgari: sulle loro teste vengono posate <strong>grandi corone di fiori alpini<\/strong>, intrecciate con rami di abete, nastri colorati e specchietti luccicanti. Al collo portano i campanacci pi\u00f9 grandi e preziosi, il cui suono profondo e ritmico annuncia il loro arrivo molto prima che spuntino all&#8217;orizzonte.<\/p>\n\n\n\n<p>Scendendo lungo i sentieri, la mandria si riappropria della valle. Ad attenderle nei paesi c\u2019\u00e8 un\u2019atmosfera di festa genuina: la comunit\u00e0 si riunisce lungo le strade, tra applausi e musica tradizionale, per accogliere il ritorno degli animali e degli allevatori.<\/p>\n\n\n\n<p>La Desmontegada \u00e8 molto pi\u00f9 di un trasloco stagionale verso il calore della stalla; \u00e8 un ringraziamento alla natura per l&#8217;estate appena trascorsa, un legame indissolubile tra l&#8217;uomo e la montagna che si rinnova, anno dopo anno, al ritmo lento delle stagioni.<\/p>","protected":false},"excerpt":{"rendered":"<p>Quando l&#8217;aria di settembre si fa frizzante e i larici iniziano a tingersi d&#8217;oro, sulle montagne cala il sipario dell&#8217;estate. \u00c8 il tempo del ritorno, il momento in cui le malghe si chiudono e inizia il rito antico e solenne della Desmontegada. Non \u00e8 una semplice discesa a valle, ma una vera e propria celebrazione. [&hellip;]<\/p>","protected":false},"author":1,"featured_media":696,"comment_status":"closed","ping_status":"open","sticky":false,"template":"","format":"standard","meta":{"footnotes":""},"categories":[7],"tags":[],"class_list":["post-408","post","type-post","status-publish","format-standard","has-post-thumbnail","hentry","category-news"],"_links":{"self":[{"href":"https:\/\/www.agriturismokm0.sviluppo.host\/de\/wp-json\/wp\/v2\/posts\/408","targetHints":{"allow":["GET"]}}],"collection":[{"href":"https:\/\/www.agriturismokm0.sviluppo.host\/de\/wp-json\/wp\/v2\/posts"}],"about":[{"href":"https:\/\/www.agriturismokm0.sviluppo.host\/de\/wp-json\/wp\/v2\/types\/post"}],"author":[{"embeddable":true,"href":"https:\/\/www.agriturismokm0.sviluppo.host\/de\/wp-json\/wp\/v2\/users\/1"}],"replies":[{"embeddable":true,"href":"https:\/\/www.agriturismokm0.sviluppo.host\/de\/wp-json\/wp\/v2\/comments?post=408"}],"version-history":[{"count":3,"href":"https:\/\/www.agriturismokm0.sviluppo.host\/de\/wp-json\/wp\/v2\/posts\/408\/revisions"}],"predecessor-version":[{"id":695,"href":"https:\/\/www.agriturismokm0.sviluppo.host\/de\/wp-json\/wp\/v2\/posts\/408\/revisions\/695"}],"wp:featuredmedia":[{"embeddable":true,"href":"https:\/\/www.agriturismokm0.sviluppo.host\/de\/wp-json\/wp\/v2\/media\/696"}],"wp:attachment":[{"href":"https:\/\/www.agriturismokm0.sviluppo.host\/de\/wp-json\/wp\/v2\/media?parent=408"}],"wp:term":[{"taxonomy":"category","embeddable":true,"href":"https:\/\/www.agriturismokm0.sviluppo.host\/de\/wp-json\/wp\/v2\/categories?post=408"},{"taxonomy":"post_tag","embeddable":true,"href":"https:\/\/www.agriturismokm0.sviluppo.host\/de\/wp-json\/wp\/v2\/tags?post=408"}],"curies":[{"name":"wp","href":"https:\/\/api.w.org\/{rel}","templated":true}]}}